{"id":347,"date":"2025-09-06T09:55:37","date_gmt":"2025-09-06T07:55:37","guid":{"rendered":"https:\/\/zerocrumbs.de\/?p=347"},"modified":"2025-09-06T09:55:37","modified_gmt":"2025-09-06T07:55:37","slug":"leichte-sommerdesserts-mit-regionalem-obst-nachhaltig-geniessen","status":"publish","type":"post","link":"https:\/\/zerocrumbs.de\/?p=347","title":{"rendered":"<h1 id=\"leichtesommerdessertsmitregionalemobstnachhaltiggenieen\">Leichte Sommerdesserts mit regionalem Obst: nachhaltig genie\u00dfen<\/h1>"},"content":{"rendered":"<h1 id=\"leichtesommerdessertsmitregionalemobstnachhaltiggenieen\">Leichte Sommerdesserts mit regionalem Obst: nachhaltig genie\u00dfen<\/h1>\n<p>Sommerdesserts mit regionalem Obst sind nicht nur k\u00f6stlich, sondern schonen Umwelt und Geldbeutel. Ein saisonaler Einkauf bringt vollreifes Aroma auf den Tisch, verk\u00fcrzt CO\u2082-intensive Transportwege und f\u00f6rdert die heimische Landwirtschaft. Mit cleverer Vorratshaltung und Zero-Waste-Ideen lassen sich frische Fr\u00fcchte zudem das ganze Jahr \u00fcber genie\u00dfen.<\/p>\n<h2 id=\"saisonalefrchtefrperfektesommerdesserts\">Saisonale Fr\u00fcchte f\u00fcr perfekte Sommerdesserts<\/h2>\n<p>Je nach Erntezeit entfalten verschiedene Sommerfr\u00fcchte ihr volles Potenzial:<\/p>\n<ul>\n<li><strong>Erdbeeren (Mai\u2013Juni):<\/strong> Ideal f\u00fcr leichte Erdbeer-Granita oder Erdbeer-Quark  <\/li>\n<li><strong>Kirschen (Juni\u2013Juli):<\/strong> Perfekt f\u00fcr Kirsch-Cobbler oder Kirsch-Joghurt-Parfait  <\/li>\n<li><strong>Zwetschgen (Juli\u2013Oktober):<\/strong> Als Kompott, Crumble oder Zwetschgen-Dolce  <\/li>\n<li><strong>\u00c4pfel (Juli\u2013Herbst):<\/strong> Vielseitig \u2013 als Apfelringe, Apfelmus oder Apfel-Birnen-Crumble  <\/li>\n<\/ul>\n<h2 id=\"einkaufstippsfrlokalensommergenuss\">Einkaufstipps f\u00fcr lokalen Sommergenuss<\/h2>\n<h3 id=\"auffreilandwareachten\">Auf Freilandware achten<\/h3>\n<p>Freilandfr\u00fcchte reifen unter der Sonne und \u00fcberzeugen durch intensiven Geschmack. Tomaten aus Freilandanbau gibt es meist nur Juli bis September \u2013 au\u00dferhalb dieser Zeit versauern Importware oder Treibhausprodukte den Genuss.<\/p>\n<h3 id=\"direktbeimerzeugerkaufen\">Direkt beim Erzeuger kaufen<\/h3>\n<p>Wochenm\u00e4rkte, Hofl\u00e4den oder regionale Portale (z. B. local.ch) bieten manchmal sogar unverpacktes Obst. So unterst\u00fctzt man lokale Bauern und vermeidet Plastik.<\/p>\n<h3 id=\"grozgigundgezielteinkaufen\">Gro\u00dfz\u00fcgig und gezielt einkaufen<\/h3>\n<p>Bei g\u00fcnstigen Angeboten lohnt es sich, gr\u00f6\u00dfere Mengen zu besorgen und zu verarbeiten \u2013 so bleibt weniger liegen und die Vorratshaltung ist optimal.<\/p>\n<h2 id=\"vorratshaltungzerowasteideen\">Vorratshaltung &amp; Zero-Waste-Ideen<\/h2>\n<h3 id=\"einfrierenundkompott\">Einfrieren und Kompott<\/h3>\n<p>Beeren und Zwetschgen nach dem Waschen p\u00fcrieren oder im Ganzen einfrieren. Sp\u00e4ter eignen sie sich f\u00fcr Sorbets, Smoothies und Desserts in der kalten Jahreszeit.<\/p>\n<h3 id=\"fruchtlederundmarmelade\">Fruchtleder und Marmelade<\/h3>\n<p>\u00dcbersch\u00fcssige Fr\u00fcchte auf Backpapier zu Fruchtleder d\u00f6rren oder selbstgemachte, zuckerreduzierte Marmelade einkochen. So lassen sich regionale Aromen ganz ohne Zusatzstoffe haltbar machen.<\/p>\n<h3 id=\"schalenundkerneverwerten\">Schalen und Kerne verwerten<\/h3>\n<p>Getrocknete Obstschalen (z. B. Apfel-, Zwetschgen-Schalen) zu Gew\u00fcrzpulver mahlen oder als Basis f\u00fcr Fruchtessige und Sirupe nutzen. Fruchtkerne (entsteint!) im Ofen r\u00f6sten und als Nuss-Ersatz w\u00fcrzen.<\/p>\n<h2 id=\"fazit\">Fazit<\/h2>\n<p>Sommerdesserts mit regionalem Obst gelingen mit wenig Aufwand: Ein saisonaler Einkauf liefert aromatische Fr\u00fcchte, clevere Vorratshaltung verl\u00e4ngert den Genuss, und Zero-Waste-Ideen verwandeln Reste in neue Delikatessen. So entstehen leichte, zuckerarme Winterdesserts ohne Kompromisse bei Geschmack und Nachhaltigkeit.<\/p>\n<p><strong>Quellenangaben:<\/strong> <a href=\"https:\/\/www.local.ch\/de\/c\/e\/einkaufen\/getraenke-und-lebensmittel\/natuerlich-und-nachhaltig-leben-nach-dem-saisonkalender-fuer-obst-und\">local.ch<\/a>, <a href=\"https:\/\/www.livelifegreen.de\/vegetarische-und-vegane-rezepte\/nachhaltig-und-klimaschonend-kochen-suesses-und-dessert-rezepte\/\">livelifegreen<\/a>, <a href=\"https:\/\/meinleckeresleben.com\/2019\/07\/25\/kinderleicht-zuckerfrei-durch-den-tag-mit-meinen-wohlfuehlrezepten-vom-suessen-fruehstueck-bis-zur-gemuetlichen-abendjause-in-kooperation-mit-spar\/\">meinleckeresleben.com<\/a>, <a href=\"https:\/\/kochmitherz.at\/low-carb-marillen-topfen-knoedel-ohne-zucker\/\">Koch mit Herz<\/a>, <a href=\"https:\/\/www.sevencooks.com\/de\/magazin\/saisonkalender-3wJeGRC0qkfpXiBRVTgPGg\">SevenCooks<\/a>, <a href=\"https:\/\/www.susannafuhrmann.de\/fitness-rezepte\/low-carb-kaesekuchen-im-glas\">Susanna Fuhrmann<\/a>, <a href=\"https:\/\/zerowaste-laden.at\/rezepte\/\">Der Zero Waste Laden<\/a>, <a href=\"https:\/\/www.hoerzu.de\/ratgeber\/einkaufsfuehrer-fuer-saisonales-obst--gemuese-sparen--oeko-fussabdruck-reduzieren\/\">H\u00d6RZU<\/a><\/p>\n","protected":false},"excerpt":{"rendered":"<p>Genie\u00dfe k\u00f6stliche Sommerdesserts nachhaltig mit regionalen Fr\u00fcchten und Zero-Waste-Ideen f\u00fcr mehr Geschmack, weniger Verschwendung und CO\u2082-Reduktion.<\/p>\n","protected":false},"author":1,"featured_media":346,"comment_status":"closed","ping_status":"closed","sticky":false,"template":"","format":"standard","meta":{"_jetpack_memberships_contains_paid_content":false,"footnotes":""},"categories":[5,7],"tags":[],"class_list":["post-347","post","type-post","status-publish","format-standard","has-post-thumbnail","hentry","category-nachhaltigkeit","category-saisonales"],"jetpack_featured_media_url":"https:\/\/zerocrumbs.de\/wp-content\/uploads\/2025\/09\/test-2.png","jetpack_sharing_enabled":true,"_links":{"self":[{"href":"https:\/\/zerocrumbs.de\/index.php?rest_route=\/wp\/v2\/posts\/347","targetHints":{"allow":["GET"]}}],"collection":[{"href":"https:\/\/zerocrumbs.de\/index.php?rest_route=\/wp\/v2\/posts"}],"about":[{"href":"https:\/\/zerocrumbs.de\/index.php?rest_route=\/wp\/v2\/types\/post"}],"author":[{"embeddable":true,"href":"https:\/\/zerocrumbs.de\/index.php?rest_route=\/wp\/v2\/users\/1"}],"replies":[{"embeddable":true,"href":"https:\/\/zerocrumbs.de\/index.php?rest_route=%2Fwp%2Fv2%2Fcomments&post=347"}],"version-history":[{"count":1,"href":"https:\/\/zerocrumbs.de\/index.php?rest_route=\/wp\/v2\/posts\/347\/revisions"}],"predecessor-version":[{"id":354,"href":"https:\/\/zerocrumbs.de\/index.php?rest_route=\/wp\/v2\/posts\/347\/revisions\/354"}],"wp:featuredmedia":[{"embeddable":true,"href":"https:\/\/zerocrumbs.de\/index.php?rest_route=\/wp\/v2\/media\/346"}],"wp:attachment":[{"href":"https:\/\/zerocrumbs.de\/index.php?rest_route=%2Fwp%2Fv2%2Fmedia&parent=347"}],"wp:term":[{"taxonomy":"category","embeddable":true,"href":"https:\/\/zerocrumbs.de\/index.php?rest_route=%2Fwp%2Fv2%2Fcategories&post=347"},{"taxonomy":"post_tag","embeddable":true,"href":"https:\/\/zerocrumbs.de\/index.php?rest_route=%2Fwp%2Fv2%2Ftags&post=347"}],"curies":[{"name":"wp","href":"https:\/\/api.w.org\/{rel}","templated":true}]}}