{"id":506,"date":"2025-12-04T16:09:46","date_gmt":"2025-12-04T15:09:46","guid":{"rendered":"https:\/\/zerocrumbs.de\/?p=506"},"modified":"2025-12-04T16:09:46","modified_gmt":"2025-12-04T15:09:46","slug":"saisonkalender-kraeuter-im-dezember-haltbarmachen-lagern-und-zero-waste-ideen-d-a-ch","status":"publish","type":"post","link":"https:\/\/zerocrumbs.de\/?p=506","title":{"rendered":"<h1 id=\"saisonkalenderkruterimdezemberhaltbarmachenlagernundzerowasteideendach\">Saisonkalender Kr\u00e4uter im Dezember: Haltbarmachen, Lagern und Zero-Waste-Ideen (D\/A\/CH)<\/h1>"},"content":{"rendered":"<h1 id=\"saisonkalenderkruterimdezemberhaltbarmachenlagernundzerowasteideendach\">Saisonkalender Kr\u00e4uter im Dezember: Haltbarmachen, Lagern und Zero-Waste-Ideen (D\/A\/CH)<\/h1>\n<p>Im Dezember werden frische, regionale Kr\u00e4uter rar. Mit den richtigen Zero-Waste-Methoden sicherst du dir Aroma und N\u00e4hrstoffe f\u00fcr die Winterk\u00fcche \u2013 ohne gro\u00dfe Verluste. Dieser Beitrag zeigt, welche Kr\u00e4uter sich wof\u00fcr eignen, wie du sie korrekt lagerst und wie du Vorr\u00e4te wie Kr\u00e4utersalz, Pesto oder aromatisierte \u00d6le\/Essige planst.<\/p>\n<h2 id=\"richtigerntenfrmaximalesaroma\">Richtig ernten f\u00fcr maximales Aroma<\/h2>\n<ul>\n<li>Tageszeit: an trockenen, leicht bew\u00f6lkten Tagen ernten; bei aromatischen Arten wie Rosmarin und Thymian zwischen 11:00\u201314:00 Uhr.  <\/li>\n<li>Vor der Bl\u00fcte ernten: B\u00e4rlauch, Dill, Kerbel, Koriander, Liebst\u00f6ckel, Melisse, Petersilie, Thymian, Zitronenverbene.  <\/li>\n<li>In Vollbl\u00fcte ernten: Basilikum, Estragon, Oregano, Rosmarin.<\/li>\n<\/ul>\n<p>So startest du mit dem st\u00e4rksten Aroma in jede Konserviermethode.<\/p>\n<h2 id=\"krutertrocknenschonendundlangehaltbar\">Kr\u00e4uter trocknen \u2013 schonend und lange haltbar<\/h2>\n<p>Trocknen ist ideal f\u00fcr robuste Winterkr\u00e4uter wie Rosmarin, Thymian, Salbei.<\/p>\n<p>So gehst du vor:<br \/>\n1) Nicht waschen, nur verlesen.<br \/>\n2) Ganze St\u00e4ngel zu lockeren B\u00fcndeln binden, kopf\u00fcber warm, trocken, luftig und dunkel aufh\u00e4ngen.<br \/>\n3) Alternativ: locker auf ein Baumwolltuch legen, nicht h\u00e4ufen.<br \/>\n4) Z\u00fcgig trocknen (idealerweise &lt; 10 Tage). Fertig, wenn Bl\u00e4tter zerbr\u00f6seln und St\u00e4ngel brechen.<\/p>\n<p>Lagerung: luftdicht in Glas, dunkel, trocken, k\u00fchl. Erst kurz vor der Verwendung zerkleinern. Haltbarkeit: ca. 2\u20133 Jahre (Aroma nimmt langsam ab).<\/p>\n<h2 id=\"einfrierenfrempfindlichearomen\">Einfrieren \u2013 f\u00fcr empfindliche Aromen<\/h2>\n<p>F\u00fcr Kr\u00e4uter, die beim Trocknen stark an Aroma verlieren (z. B. Basilikum, Dill, Estragon, Petersilie).<\/p>\n<p>So geht\u2019s:<\/p>\n<ul>\n<li>Waschen, trocken tupfen, fein schneiden (nicht quetschen).  <\/li>\n<li>Portionsweise einfrieren, z. B. in Eisw\u00fcrfelbeh\u00e4ltern mit Wasser oder \u00d6l.  <\/li>\n<li>Geeignete \u00d6le zum Einfrieren: Oliven-, Raps-, Sesam\u00f6l (werden fest). Sonnenblumen\u00f6l gefriert schlechter.  <\/li>\n<li>Alternativ: trocken getupfte, zerkleinerte Kr\u00e4uter direkt in Gefrierbeh\u00e4lter\/-beutel f\u00fcllen.<\/li>\n<\/ul>\n<p>Anwendung: W\u00fcrfel ohne Auftauen in die Speise geben. Haltbarkeit: bis zu 10 Monate.<\/p>\n<h2 id=\"einlegeninloderessigkonservierenoderaromatisieren\">Einlegen in \u00d6l oder Essig \u2013 konservieren oder aromatisieren<\/h2>\n<p>Konservieren im Glas:<\/p>\n<ul>\n<li>Kr\u00e4uter vollst\u00e4ndig mit \u00d6l oder Essig bedecken.  <\/li>\n<li>Frische Kr\u00e4uter vorher gr\u00fcndlich trocknen, besonders bei \u00d6l.  <\/li>\n<li>K\u00fchl lagern, ideal im K\u00fchlschrank. Haltbarkeit: bis zu 6 Monate.  <\/li>\n<li>Wichtig: Kr\u00e4uter m\u00fcssen stets bedeckt bleiben.<\/li>\n<\/ul>\n<p>Aromatisierte \u00d6le\/Essige:<\/p>\n<ul>\n<li>Flasche mit \u00d6l\/Essig und Kr\u00e4utern f\u00fcllen, ziehen lassen, dann abseihen.  <\/li>\n<li>Richtwerte: \u00d6l ca. 10 Tage, Essig ca. 2 Wochen.  <\/li>\n<li>Besonders gut im \u00d6l: B\u00e4rlauch, Rosmarin, Thymian, Oregano, Petersilie.  <\/li>\n<li>Kr\u00e4uteressig: viele Kr\u00e4uter geeignet; Petersilie und Dill sind weniger ideal.  <\/li>\n<li>Essig k\u00fchl lagern.<\/li>\n<\/ul>\n<h2 id=\"krutersalzzerowastemitsehrlangerhaltbarkeit\">Kr\u00e4utersalz \u2013 Zero-Waste mit sehr langer Haltbarkeit<\/h2>\n<p>Variante mit getrockneten Kr\u00e4utern:<\/p>\n<ul>\n<li>Getrocknete Kr\u00e4uter mit Salz fein m\u00f6rsern.  <\/li>\n<li>Lagerung: luftdicht, k\u00fchl, trocken. Haltbar mind. 2 Jahre.<\/li>\n<\/ul>\n<p>Variante mit frischen Kr\u00e4utern:<\/p>\n<ul>\n<li>Fein zerkleinerte Kr\u00e4uter mit grobem Salz mischen, 1\u20132 Tage ziehen lassen.  <\/li>\n<li>Bei 50 \u00b0C Umluft schonend trocknen, Ofent\u00fcr einen Spalt \u00f6ffnen.  <\/li>\n<li>Danach im M\u00f6rser zerkleinern, trocken lagern.  <\/li>\n<li>Kann klumpen, Geschmack bleibt. Haltbar mind. 2 Jahre.<\/li>\n<\/ul>\n<h2 id=\"pestoundkruterbutteraufvorrat\">Pesto und Kr\u00e4uterbutter auf Vorrat<\/h2>\n<p>Pesto:<\/p>\n<ul>\n<li>In kleine Gl\u00e4ser f\u00fcllen und k\u00fchl lagern.  <\/li>\n<li>D\u00fcnne Oliven\u00f6lschicht auf der Oberfl\u00e4che verl\u00e4ngert die Haltbarkeit um bis zu drei Wochen.  <\/li>\n<li>Mit K\u00e4se verdirbt Pesto schneller. F\u00fcr lange Lagerung: portionsweise einfrieren.<\/li>\n<\/ul>\n<p>Kr\u00e4uterbutter:<\/p>\n<ul>\n<li>L\u00e4sst sich sehr gut einfrieren, z. B. in Scheiben oder Eisw\u00fcrfelformen.  <\/li>\n<li>Haltbarkeit im Tiefk\u00fchlfach: ca. 6 Monate.<\/li>\n<\/ul>\n<h2 id=\"siruparomaimglas\">Sirup \u2013 Aroma im Glas<\/h2>\n<p>Zucker und Zitronens\u00e4ure konservieren das Kr\u00e4uteraroma.<\/p>\n<ul>\n<li>Lagerung: k\u00fchl und dunkel bis zu 1 Jahr.  <\/li>\n<li>Ge\u00f6ffnete Flaschen in den K\u00fchlschrank stellen und zeitnah verbrauchen.<\/li>\n<\/ul>\n<h2 id=\"welchemethodefrwelcheskraut\">Welche Methode f\u00fcr welches Kraut?<\/h2>\n<p>Trocknen:<\/p>\n<ul>\n<li>B\u00e4rlauch, Dill, Estragon, Koriander (Fr\u00fcchte), Liebst\u00f6ckel, Majoran, Melisse, Oregano, Petersilie, Pfefferminze, Rosmarin, Salbei (Blatt\/Bl\u00fcte), Thymian, Zitronengras, Zitronenverbene.<\/li>\n<\/ul>\n<p>Einfrieren:<\/p>\n<ul>\n<li>Basilikum, Dill, Estragon, Kerbel, Koriander, Liebst\u00f6ckel, Majoran, Oregano, Petersilie, Rosmarin, Salbei, Thymian, Zitronengras.<\/li>\n<\/ul>\n<p>\u00d6l\/Essig:<\/p>\n<ul>\n<li>B\u00e4rlauch, Basilikum, Dill, Kerbel, Koriander, Liebst\u00f6ckel, Petersilie.  <\/li>\n<li>F\u00fcr Kr\u00e4uteressig sind viele Kr\u00e4uter geeignet; Petersilie und Dill weniger ideal.<\/li>\n<\/ul>\n<h2 id=\"haltbarkeitundlagerungaufeinenblick\">Haltbarkeit und Lagerung auf einen Blick<\/h2>\n<ul>\n<li>Getrocknete Kr\u00e4uter: luftdicht, dunkel, k\u00fchl; ca. 2\u20133 Jahre.  <\/li>\n<li>Gefrorene Kr\u00e4uter: bis zu 10 Monate.  <\/li>\n<li>\u00d6l\/Essig-eingelegt: im K\u00fchlschrank bis zu 6 Monate; stets vollst\u00e4ndig bedeckt halten.  <\/li>\n<li>Kr\u00e4utersalz: mind. 2 Jahre, trocken lagern.  <\/li>\n<li>Pesto: mit \u00d6ldeckschicht im K\u00fchlschrank nur kurz haltbar; f\u00fcr lange Lagerung einfrieren.  <\/li>\n<li>Kr\u00e4uterbutter: tiefgek\u00fchlt ca. 6 Monate.  <\/li>\n<li>Sirup: k\u00fchl und dunkel bis zu 1 Jahr; ge\u00f6ffnet im K\u00fchlschrank.<\/li>\n<\/ul>\n<p>Mit diesen Methoden nutzt du saisonale Kr\u00e4uter optimal, reduzierst Food Waste und hast im Dezember und den ganzen Winter \u00fcber frisches Aroma griffbereit.<\/p>\n<p><strong>Quellenangaben:<\/strong> <a href=\"https:\/\/www.biogarten.ch\/de-ch\/gartenthemen\/garteninspirationen\/gartenkueche\/kraeuter-konservieren?srsltid=AfmBOopcNDY1NxcuV2mRUTJLDlK4dmyZqbwR7_hatdp-I6aBh-LcV8hv\">Andermatt Biogarten<\/a>, <a href=\"https:\/\/www.regionalprodukte.ch\/de\/regionalprodukte\/schwerpunktthema-2025\/saisonkalender-444.html\">Das Beste der Region<\/a>, <a href=\"https:\/\/systhema-diekueche.de\/kraeuter-der-saison\/\">SYSTHEMA \u2013 DIE K\u00dcCHE<\/a>, <a href=\"https:\/\/corporate.migros.ch\/de\/story\/saisonal-oder-regional-fuers-klima\">Migros &#8211; Corporate<\/a>, <a href=\"https:\/\/www.youtube.com\/watch?v=AGpW7qS5GHg\">YouTube \u00b7 Lifehackerin<\/a>, <a href=\"https:\/\/www.instagram.com\/p\/DFwzhY-sFQj\/\">Instagram<\/a>, <a href=\"https:\/\/www.youtube.com\/watch?v=yzeZiBJzrmA\">YouTube \u00b7 Tim &#8211; Brot mit Ei<\/a>, <a href=\"https:\/\/steiermarkgarten.at\/pesto-lange-haltbar-machen\/\">Steiermarkgarten<\/a><\/p>\n","protected":false},"excerpt":{"rendered":"<p>Erfahre, wie du im Dezember frische Kr\u00e4uter nachhaltig konservieren und lagern kannst, um Zero Waste zu reduzieren und die Winterk\u00fcche zu bereichern.<\/p>\n","protected":false},"author":1,"featured_media":505,"comment_status":"closed","ping_status":"closed","sticky":false,"template":"","format":"standard","meta":{"_jetpack_memberships_contains_paid_content":false,"footnotes":""},"categories":[7,3],"tags":[],"class_list":["post-506","post","type-post","status-publish","format-standard","has-post-thumbnail","hentry","category-saisonales","category-vorratsplanung"],"jetpack_featured_media_url":"https:\/\/zerocrumbs.de\/wp-content\/uploads\/2025\/12\/test-1.png","jetpack_sharing_enabled":true,"_links":{"self":[{"href":"https:\/\/zerocrumbs.de\/index.php?rest_route=\/wp\/v2\/posts\/506","targetHints":{"allow":["GET"]}}],"collection":[{"href":"https:\/\/zerocrumbs.de\/index.php?rest_route=\/wp\/v2\/posts"}],"about":[{"href":"https:\/\/zerocrumbs.de\/index.php?rest_route=\/wp\/v2\/types\/post"}],"author":[{"embeddable":true,"href":"https:\/\/zerocrumbs.de\/index.php?rest_route=\/wp\/v2\/users\/1"}],"replies":[{"embeddable":true,"href":"https:\/\/zerocrumbs.de\/index.php?rest_route=%2Fwp%2Fv2%2Fcomments&post=506"}],"version-history":[{"count":1,"href":"https:\/\/zerocrumbs.de\/index.php?rest_route=\/wp\/v2\/posts\/506\/revisions"}],"predecessor-version":[{"id":507,"href":"https:\/\/zerocrumbs.de\/index.php?rest_route=\/wp\/v2\/posts\/506\/revisions\/507"}],"wp:featuredmedia":[{"embeddable":true,"href":"https:\/\/zerocrumbs.de\/index.php?rest_route=\/wp\/v2\/media\/505"}],"wp:attachment":[{"href":"https:\/\/zerocrumbs.de\/index.php?rest_route=%2Fwp%2Fv2%2Fmedia&parent=506"}],"wp:term":[{"taxonomy":"category","embeddable":true,"href":"https:\/\/zerocrumbs.de\/index.php?rest_route=%2Fwp%2Fv2%2Fcategories&post=506"},{"taxonomy":"post_tag","embeddable":true,"href":"https:\/\/zerocrumbs.de\/index.php?rest_route=%2Fwp%2Fv2%2Ftags&post=506"}],"curies":[{"name":"wp","href":"https:\/\/api.w.org\/{rel}","templated":true}]}}