{"id":755,"date":"2026-03-08T12:35:16","date_gmt":"2026-03-08T11:35:16","guid":{"rendered":"https:\/\/zerocrumbs.de\/?p=755"},"modified":"2026-03-08T12:35:16","modified_gmt":"2026-03-08T11:35:16","slug":"saisonale-regionale-wochenendfruehstuecke-vom-wochenmarkt-zero-waste-vorratshaltung-und-lagerung","status":"publish","type":"post","link":"https:\/\/zerocrumbs.de\/?p=755","title":{"rendered":"<h1 id=\"saisonaleregionalewochenendfrhstckevomwochenmarktzerowastevorratshaltungundlagerung\">Saisonale, regionale Wochenendfr\u00fchst\u00fccke vom Wochenmarkt: Zero Waste, Vorratshaltung und Lagerung<\/h1>"},"content":{"rendered":"<h1 id=\"saisonaleregionalewochenendfrhstckevomwochenmarktzerowastevorratshaltungundlagerung\">Saisonale, regionale Wochenendfr\u00fchst\u00fccke vom Wochenmarkt: Zero Waste, Vorratshaltung und Lagerung<\/h1>\n<p>Ein nachhaltiges, saisonales Wochenendfr\u00fchst\u00fcck beginnt lange vor dem ersten Bissen: mit Planung, kluger Vorratshaltung und dem Einkauf regionaler Zutaten. Wer zuerst K\u00fchlschrank und Vorr\u00e4te pr\u00fcft, kauft gezielt nach Liste, verwertet Vorhandenes und vermeidet Food Waste. Saisonal und regional \u2013 idealerweise direkt beim Produzenten \u2013 reduziert Verluste bei Lagerung und Transport. Nutze m\u00f6glichst viel von der Pflanze (Leaf to Root) und greife bewusst zu Gem\u00fcse au\u00dferhalb der Norm.<\/p>\n<h2 id=\"soplanstdudeinzerowastewochenendfrhstck\">So planst du dein Zero-Waste-Wochenendfr\u00fchst\u00fcck<\/h2>\n<ul>\n<li>Vorr\u00e4te und K\u00fchlschrank pr\u00fcfen, Vorhandenes einplanen.  <\/li>\n<li>Nur so viel einkaufen und kochen, wie ben\u00f6tigt wird; Mengen realistisch kalkulieren.  <\/li>\n<li>Reste bewusst f\u00fcr Folgemahlzeiten einplanen.  <\/li>\n<li>Saisonal-regional einkaufen, gerne direkt am Hof- oder Wochenmarktstand.  <\/li>\n<\/ul>\n<h2 id=\"vorratshaltungordnungdiehaltbarkeitschafft\">Vorratshaltung: Ordnung, die Haltbarkeit schafft<\/h2>\n<ul>\n<li>Im (K\u00fchl-)Schrank: Neues nach hinten, \u00c4lteres nach vorne (First in, first out).  <\/li>\n<li>Bald f\u00e4llige Produkte sichtbar kennzeichnen oder in ein eigenes Fach legen.  <\/li>\n<li>Nicht rechtzeitig Verbrauchtes einfrieren, datieren und sp\u00e4ter nutzen.  <\/li>\n<li>Mindesthaltbarkeitsdatum sinnvoll beachten: H\u00e4ufig sind Produkte \u00fcber das Datum hinaus noch gut.<\/li>\n<\/ul>\n<h2 id=\"lagerungvontypischenfrhstckszutaten\">Lagerung von typischen Fr\u00fchst\u00fcckszutaten<\/h2>\n<ul>\n<li>Brot: Nicht zu viel einkaufen. Vollkorn-\/Ruchbrot bleibt l\u00e4nger frisch als Wei\u00dfbrot. Altes Brot im Ofen auffrischen oder zu Paniermehl verarbeiten.  <\/li>\n<li>Eier: Bis zu 8 Wochen in der K\u00fchlschrankt\u00fcr, Spitze nach unten. Frischetest: Ei ins Wasser legen \u2013 sinkt = frisch; steigt = nur noch gekocht verwenden.  <\/li>\n<li>Milch: Im K\u00fchlschrank zweitoberstes Fach, innerhalb von 3 Tagen konsumieren.  <\/li>\n<li>K\u00e4se: Am St\u00fcck kaufen, einzeln im Originalpapier lagern. Wei\u00dfe Punkte pr\u00fcfen: Salz l\u00f6st sich beim Waschen, Schimmel nicht.  <\/li>\n<li>K\u00fcchenkr\u00e4uter: Reste geschnitten einfrieren, trocknen oder zu Gew\u00fcrz\u00f6l verarbeiten.  <\/li>\n<li>\u00d6l: Gut verschlossen, dunkel und k\u00fchl lagern.  <\/li>\n<li>Pesto: Ge\u00f6ffnet rasch verbrauchen oder einfrieren.  <\/li>\n<li>Trockene Lebensmittel (z. B. Haferflocken, Mehl, N\u00fcsse): Trocken, dunkel und gut verschlossen aufbewahren.<\/li>\n<\/ul>\n<h2 id=\"obstundgemsefrsfrhstckrichtiglagern\">Obst und Gem\u00fcse f\u00fcrs Fr\u00fchst\u00fcck richtig lagern<\/h2>\n<ul>\n<li>\u00c4pfel: Geben Ethylen ab \u2013 separat lagern, da sonst anderes Obst\/Gem\u00fcse schneller reift.  <\/li>\n<li>Bananen: Ebenfalls Ethylen \u2013 separat lagern, am besten h\u00e4ngend. Sehr reife Bananen in St\u00fccken einfrieren (f\u00fcr Shakes, Kuchen, Desserts).  <\/li>\n<li>Tomaten: Empfindlich gegen\u00fcber Ethylen \u2013 getrennt von \u00c4pfeln, Birnen, Bananen, Avocados lagern.  <\/li>\n<li>Blattsalat: Gewaschen mit K\u00fcchenpapier in einem luftdichten Beh\u00e4lter lagern. Alternativ in ein mit stark verd\u00fcnntem Essig und optional Zitronensaft angefeuchtetes Tuch einschlagen und im Gem\u00fcsefach lagern (N\u00e4hrstoffe bis zu 3 Tage besser erhalten).  <\/li>\n<li>Gurken: Im Keller\/K\u00fcchenschrank bei ca. 15 \u00b0C; Sch\u00e4len meist nicht n\u00f6tig.  <\/li>\n<li>Karotten: Nicht neben reifen Tomaten, Birnen oder \u00c4pfeln lagern (k\u00f6nnen bitter werden). Schale ist essbar.  <\/li>\n<li>Kartoffeln: K\u00fchl (nicht im K\u00fchlschrank) und dunkel lagern. Ungewaschene mit Erde halten l\u00e4nger. Ein Apfel im Kistenlager reduziert Keimen.  <\/li>\n<li>Peperoni (Paprika): K\u00e4lteempfindlich \u2013 in der Vorratskammer lagern.  <\/li>\n<li>Broccoli: Ganz verwenden \u2013 Strunk und Bl\u00e4tter sind essbar.  <\/li>\n<li>Welke Ware: Gem\u00fcse oder Salat 1\u20132 Stunden in kaltes Wasser legen, um es aufzufrischen.  <\/li>\n<li>Zitronenh\u00e4lften: Am besten sofort auspressen; Saft direkt verwenden oder in Eisw\u00fcrfeln einfrieren.<\/li>\n<\/ul>\n<h2 id=\"resteverwertungideenfrswochenendfrhstck\">Resteverwertung: Ideen f\u00fcrs Wochenendfr\u00fchst\u00fcck<\/h2>\n<ul>\n<li>Brot: Croutons, Brotchips, Paniermehl, Fotzelschnitten\/Arme Ritter, Brotpizza, Gem\u00fcse-Brot-Gratin, K\u00e4seschnitten, Brotsalat (Panzanella), Fr\u00fcchte-Brotauflauf, Semmelkn\u00f6del.  <\/li>\n<li>Teigwaren: Teigwarensalat, Auflauf\/Gratin, Frittata, gebratene Nudeln.  <\/li>\n<li>Gem\u00fcse: Suppe, Bouillon, Gem\u00fcsesalat, Auflauf, Gem\u00fcseomelette, Ofenr\u00f6sti.  <\/li>\n<li>Fr\u00fcchte\/Beeren: Milchshakes, Smoothies, portionsweise einfrieren f\u00fcr M\u00fcsli oder W\u00e4he, Sirup, Konfit\u00fcre.<\/li>\n<\/ul>\n<h2 id=\"fazitsaisonalevielfaltwenigerabfallmehrgenuss\">Fazit: Saisonale Vielfalt, weniger Abfall, mehr Genuss<\/h2>\n<p>Mit klarer Planung, richtiger Lagerung und kreativer Restek\u00fcche gelingen regionale, saisonale Fr\u00fchst\u00fccke am Wochenende vegetarisch oder vegan \u2013 frisch, abwechslungsreich und mit minimalem Abfall. So bleiben Zutaten l\u00e4nger knackig, Ressourcen geschont und Food Waste wird zur Ausnahme.<\/p>\n<p><strong>Quellenangaben:<\/strong> <a href=\"https:\/\/www.liebegg.ch\/api\/rm\/2MN5HAQFVS8F337\/hw-2024-factsheet-foodwaste-vermeidung.pdf\">Landwirtschaftliches Zentrum Liebegg<\/a>, <a href=\"https:\/\/www.youtube.com\/watch?v=RWa-jzXbCRA\">YouTube \u00b7 I am so Vio!<\/a>, <a href=\"https:\/\/www.rewe.de\/rezeptsammlung\/vegetarisch-fruehstueck\/\">REWE<\/a>, <a href=\"https:\/\/www.misterbags.de\/wochenmarkt-regional-und-nachhaltig-einkaufen\/\">Mister Bags<\/a>, <a href=\"https:\/\/de.pinterest.com\/slowlyveggie\/fr%C3%BChst%C3%BCcks-rezepte-vegetarisch-vegan-und-von-s%C3%BC%C3%9F-b\/\">Pinterest \u00b7 slowlyveggie<\/a>, <a href=\"https:\/\/www.ndr.de\/ratgeber\/kochen\/rezepte\/vegane-rezepte-abwechslungsreiche-ideen-fuer-veganuary,kategorie162.html?filter=Fr%C3%BChst%C3%BCck\">NDR.de<\/a>, <a href=\"https:\/\/www.konsumentenschutz.ch\/online-ratgeber\/so-vermeiden-sie-food-waste\/\">Stiftung f\u00fcr Konsumentenschutz<\/a>, <a href=\"https:\/\/www.nabu.de\/umwelt-und-ressourcen\/oekologisch-leben\/essen-und-trinken\/bio-fair-regional\/19415.html\">NABU<\/a><\/p>\n","protected":false},"excerpt":{"rendered":"<p>Plane dein saisonales Zero-Waste-Wochenendfr\u00fchst\u00fcck mit regionalen Zutaten, cleverer Vorratshaltung und kreativer Resteverwertung f\u00fcr weniger Abfall.<\/p>\n","protected":false},"author":1,"featured_media":754,"comment_status":"closed","ping_status":"closed","sticky":false,"template":"","format":"standard","meta":{"_jetpack_memberships_contains_paid_content":false,"footnotes":""},"categories":[4,5],"tags":[],"class_list":["post-755","post","type-post","status-publish","format-standard","has-post-thumbnail","hentry","category-einkauf-planung","category-nachhaltigkeit"],"jetpack_featured_media_url":"https:\/\/zerocrumbs.de\/wp-content\/uploads\/2026\/03\/test-6.png","jetpack_sharing_enabled":true,"_links":{"self":[{"href":"https:\/\/zerocrumbs.de\/index.php?rest_route=\/wp\/v2\/posts\/755","targetHints":{"allow":["GET"]}}],"collection":[{"href":"https:\/\/zerocrumbs.de\/index.php?rest_route=\/wp\/v2\/posts"}],"about":[{"href":"https:\/\/zerocrumbs.de\/index.php?rest_route=\/wp\/v2\/types\/post"}],"author":[{"embeddable":true,"href":"https:\/\/zerocrumbs.de\/index.php?rest_route=\/wp\/v2\/users\/1"}],"replies":[{"embeddable":true,"href":"https:\/\/zerocrumbs.de\/index.php?rest_route=%2Fwp%2Fv2%2Fcomments&post=755"}],"version-history":[{"count":1,"href":"https:\/\/zerocrumbs.de\/index.php?rest_route=\/wp\/v2\/posts\/755\/revisions"}],"predecessor-version":[{"id":756,"href":"https:\/\/zerocrumbs.de\/index.php?rest_route=\/wp\/v2\/posts\/755\/revisions\/756"}],"wp:featuredmedia":[{"embeddable":true,"href":"https:\/\/zerocrumbs.de\/index.php?rest_route=\/wp\/v2\/media\/754"}],"wp:attachment":[{"href":"https:\/\/zerocrumbs.de\/index.php?rest_route=%2Fwp%2Fv2%2Fmedia&parent=755"}],"wp:term":[{"taxonomy":"category","embeddable":true,"href":"https:\/\/zerocrumbs.de\/index.php?rest_route=%2Fwp%2Fv2%2Fcategories&post=755"},{"taxonomy":"post_tag","embeddable":true,"href":"https:\/\/zerocrumbs.de\/index.php?rest_route=%2Fwp%2Fv2%2Ftags&post=755"}],"curies":[{"name":"wp","href":"https:\/\/api.w.org\/{rel}","templated":true}]}}